{"id":11269,"date":"2023-09-21T11:47:08","date_gmt":"2023-09-21T09:47:08","guid":{"rendered":"https:\/\/www.audiovisualcontainer.com\/?p=11269"},"modified":"2023-09-22T11:40:25","modified_gmt":"2023-09-22T09:40:25","slug":"objetivo-sony-16-50mm","status":"publish","type":"post","link":"https:\/\/www.audiovisualcontainer.com\/objetivo-sony-16-50mm\/","title":{"rendered":"Objetivo Sony 16-50mm f\/3.5-5.6: Versatilidad en Fotograf\u00eda Sony APS-C"},"content":{"rendered":"\n<p>Si eres un apasionado de la fotograf\u00eda, seguramente est\u00e1s siempre en busca de nuevas formas de capturar momentos y escenas de manera creativa y n\u00edtida. En este art\u00edculo, te sumergir\u00e1s en el emocionante mundo del <strong>objetivo Sony 16-50mm f\/3.5-5.6<\/strong> y descubrir\u00e1s por qu\u00e9 es una opci\u00f3n <strong>vers\u00e1til<\/strong> y emocionante para tu c\u00e1mara <strong><a href=\"https:\/\/www.audiovisualcontainer.com\/sensor-aps-c-en-camaras-detalles\/\" target=\"_blank\" data-type=\"post\" data-id=\"11132\" rel=\"noreferrer noopener\">Sony APS-C<\/a><\/strong>.<\/p>\n\n\n\n<div class=\"wp-block-rank-math-toc-block\" id=\"rank-math-toc\"><h2>Objetivo Sony 16-50mm f\/3.5-5.6<\/h2><nav><ul><li class=\"\"><a href=\"#caracteristicas-clave-del-objetivo-sony-16-50-mm-f-3-5-5-6\">Caracter\u00edsticas Clave del Objetivo Sony 16-50mm f\/3.5-5.6<\/a><ul><li class=\"\"><a href=\"#disenado-para-camaras-sony-con-montura-e\">Dise\u00f1ado para C\u00e1maras Sony con Montura E<\/a><\/li><li class=\"\"><a href=\"#rango-de-distancia-focal-de-16-mm-a-50-mm\">Rango de Distancia Focal: De 16mm a 50mm<\/a><\/li><li class=\"\"><a href=\"#apertura-variable-f-3-5-5-6-control-de-luz-y-bokeh\">Apertura Variable f\/3.5-5.6: Control de Luz y Bokeh<\/a><\/li><li class=\"\"><a href=\"#estabilizacion-optica-de-imagen-oss-imagenes-nitidas\">Estabilizaci\u00f3n \u00d3ptica de Imagen (OSS): Im\u00e1genes N\u00edtidas<\/a><\/li><li class=\"\"><a href=\"#usos-versatiles-paisajes-retratos-y-mas\">Usos Vers\u00e1tiles: Paisajes, Retratos y M\u00e1s<\/a><\/li><li class=\"\"><a href=\"#fotografia-en-condiciones-de-poca-luz\">Fotograf\u00eda en Condiciones de Poca Luz<\/a><\/li><li class=\"\"><a href=\"#opiniones-de-fotografos-aficionados-y-entusiastas\">Opiniones de Fot\u00f3grafos Aficionados y Entusiastas<\/a><\/li><\/ul><\/li><li class=\"\"><a href=\"#compatibilidad-con-camaras-alpha-de-sony\">Compatibilidad con C\u00e1maras Alpha de Sony<\/a><\/li><li class=\"\"><a href=\"#encuentra-tu-creatividad-fotografica-con-sony-16-50-mm\">Encuentra Tu Creatividad Fotogr\u00e1fica con Sony 16-50mm<\/a><\/li><li class=\"\"><a href=\"#productos-con-un-objetivo-sony-16-50-mm-f-3-5-5-6\">Productos con un Objetivo Sony 16-50mm f\/3.5-5.6<\/a><\/li><li class=\"\"><a href=\"#preguntas-frecuentes-sobre-un-objetivo-sony-16-50-mm-f-3-5-5-6\">Preguntas frecuentes sobre un Objetivo Sony 16-50mm f\/3.5-5.6<\/a><ul><\/ul><\/li><\/ul><\/nav><\/div>\n\n\n\n<p><\/p>\n\n\n\n<h2 class=\"wp-block-heading\" id=\"caracteristicas-clave-del-objetivo-sony-16-50-mm-f-3-5-5-6\">Caracter\u00edsticas Clave del Objetivo Sony 16-50mm f\/3.5-5.6<\/h2>\n\n\n\n<p>Este objetivo es conocido por su <strong>versatilidad<\/strong> y calidad. Antes de profundizar en sus caracter\u00edsticas clave, echemos un vistazo r\u00e1pido a lo que hace que este objetivo sea tan especial:<\/p>\n\n\n\n<h3 class=\"wp-block-heading\" id=\"disenado-para-camaras-sony-con-montura-e\">Dise\u00f1ado para C\u00e1maras Sony con Montura E<\/h3>\n\n\n\n<p>El objetivo Sony 16-50mm f\/3.5-5.6 est\u00e1 dise\u00f1ado espec\u00edficamente para c\u00e1maras con montura E de Sony, lo que garantiza una perfecta integraci\u00f3n y rendimiento.<\/p>\n\n\n\n<h3 class=\"wp-block-heading\" id=\"rango-de-distancia-focal-de-16-mm-a-50-mm\">Rango de Distancia Focal: De 16mm a 50mm<\/h3>\n\n\n\n<p>Este objetivo ofrece un rango de distancia focal vers\u00e1til, desde gran angular hasta un alcance de 50mm, lo que lo hace ideal para una variedad de situaciones de disparo.<\/p>\n\n\n\n<h3 class=\"wp-block-heading\" id=\"apertura-variable-f-3-5-5-6-control-de-luz-y-bokeh\">Apertura Variable f\/3.5-5.6: Control de Luz y Bokeh<\/h3>\n\n\n\n<p>La apertura variable de f\/3.5-5.6 te permite tener un control preciso sobre la cantidad de luz que entra en la c\u00e1mara. Adem\u00e1s, puedes lograr hermosos efectos de desenfoque de fondo (bokeh) para resaltar a tu sujeto.<\/p>\n\n\n\n<h3 class=\"wp-block-heading\" id=\"estabilizacion-optica-de-imagen-oss-imagenes-nitidas\">Estabilizaci\u00f3n \u00d3ptica de Imagen (OSS): Im\u00e1genes N\u00edtidas<\/h3>\n\n\n\n<p>La estabilizaci\u00f3n \u00f3ptica de imagen (OSS) en este objetivo ayuda a reducir la vibraci\u00f3n y el desenfoque, lo que resulta en im\u00e1genes m\u00e1s n\u00edtidas incluso en situaciones de poca luz o al utilizar un teleobjetivo.<\/p>\n\n\n\n<h3 class=\"wp-block-heading\" id=\"usos-versatiles-paisajes-retratos-y-mas\">Usos Vers\u00e1tiles: Paisajes, Retratos y M\u00e1s<\/h3>\n\n\n\n<p>Gracias a su rango de distancia focal, este objetivo es adecuado para una amplia variedad de situaciones. Desde capturar impresionantes paisajes hasta retratos emocionantes, puedes hacerlo todo con este objetivo.<\/p>\n\n\n\n<h3 class=\"wp-block-heading\" id=\"fotografia-en-condiciones-de-poca-luz\">Fotograf\u00eda en Condiciones de Poca Luz<\/h3>\n\n\n\n<p>La apertura m\u00e1xima de f\/3.5 te permite tomar fotos en condiciones de poca luz sin sacrificar la calidad de la imagen. Obtendr\u00e1s resultados sorprendentemente claros y detallados incluso cuando el sol se pone.<\/p>\n\n\n\n<h3 class=\"wp-block-heading\" id=\"opiniones-de-fotografos-aficionados-y-entusiastas\">Opiniones de Fot\u00f3grafos Aficionados y Entusiastas<\/h3>\n\n\n\n<p>No solo tomamos nuestra palabra por ello. Muchos fot\u00f3grafos aficionados y entusiastas han elogiado el objetivo Sony 16-50mm f\/3.5-5.6 por su rendimiento y versatilidad. Sus opiniones respaldan su val\u00eda en el mundo de la fotograf\u00eda.<\/p>\n\n\n\n<h2 class=\"wp-block-heading\" id=\"compatibilidad-con-camaras-alpha-de-sony\">Compatibilidad con C\u00e1maras Alpha de Sony<\/h2>\n\n\n\n<p>Este objetivo es compatible con una amplia gama de c\u00e1maras Alpha de Sony, lo que significa que no importa qu\u00e9 modelo tengas, es probable que este objetivo se adapte perfectamente a tu equipo.<\/p>\n\n\n\n<h2 class=\"wp-block-heading\" id=\"encuentra-tu-creatividad-fotografica-con-sony-16-50-mm\">Encuentra Tu Creatividad Fotogr\u00e1fica con Sony 16-50mm<\/h2>\n\n\n\n<p>En conclusi\u00f3n, el objetivo Sony 16-50mm f\/3.5-5.6 es una herramienta vers\u00e1til y emocionante para cualquier fot\u00f3grafo que utilice c\u00e1maras Sony APS-C. Su dise\u00f1o, rango de distancia focal y capacidad para manejar una variedad de situaciones hacen que sea una elecci\u00f3n inteligente para aquellos que desean llevar su fotograf\u00eda al siguiente nivel.<\/p>\n\n\n\n<blockquote class=\"wp-block-quote\">\n<p>No esperes m\u00e1s para explorar nuevas posibilidades y capturar momentos \u00fanicos con la versatilidad de este objetivo.<\/p>\n<\/blockquote>\n\n\n\n<h2 class=\"wp-block-heading\" id=\"productos-con-un-objetivo-sony-16-50-mm-f-3-5-5-6\">Productos con un Objetivo Sony 16-50mm f\/3.5-5.6<\/h2>\n\n\n\n<div class=\"wp-block-query is-layout-flow wp-block-query-is-layout-flow\"><ul class=\"wp-block-post-template is-layout-flow wp-block-post-template-is-layout-flow\"><li class=\"wp-block-post post-11071 vidmov_video type-vidmov_video status-publish has-post-thumbnail hentry tag-4k tag-a6400 tag-a7r-iii tag-af tag-aps-c-camera tag-autofocus tag-best-aps-c-cameras tag-best-full-frame-cameras tag-best-mirrorless-camera tag-best-slr-camera tag-compact-camera tag-eye-af tag-full-frame-camera tag-productos-con-camaras-evil tag-productos-con-el-formato-xavc-s tag-productos-con-sensor-aps-c tag-productos-con-un-objetivo-sony-16-50mm-f-3-5-5-6 tag-productos-destacados-con-eye-af-para-retratos tag-productos-destacados-con-grabacion-en-4k tag-productos-destacados-con-un-enfoque-automatico-ultrarrapido tag-real-time-tracking tag-silent-shutter tag-sony-a6400 tag-sony-a7-iii tag-sony-a7r-iii tag-sony-a9 tag-sony-alpha tag-sony-camera-channel tag-sony-e-mount-camera tag-sony- tag-sony-6400 tag-sony-7-iii tag-sony-9 tag-subject-tracking tag-time-lapse tag-vlog tag-vlogger tag-vlogging tag-12731 tag-7r-ii tag-7r-iii vidmov_video_category-productos-destacados\">\n\n<div class=\"wp-block-columns alignwide is-layout-flex wp-container-3 wp-block-columns-is-layout-flex\">\n<div class=\"wp-block-column is-layout-flow wp-block-column-is-layout-flow\" style=\"flex-basis:50%\"><figure class=\"wp-block-post-featured-image\"><a href=\"https:\/\/www.audiovisualcontainer.com\/video\/descubre-la-sony-alpha-6400-la-camara-aps-c-perfecta\/\" target=\"_blank\"  ><img width=\"1280\" height=\"720\" src=\"https:\/\/i.ytimg.com\/vi\/xdhEXr1zw6s\/maxresdefault.jpg\" class=\"attachment-post-thumbnail size-post-thumbnail wp-post-image\" alt=\"Descubre la Sony Alpha 6400, La C\u00e1mara APS-C Perfecta\" title=\"Descubre la Sony Alpha 6400, La C\u00e1mara APS-C Perfecta\" decoding=\"async\" style=\"object-fit:cover;\" \/><\/a><\/figure><\/div>\n\n\n\n<div class=\"wp-block-column is-vertically-aligned-center is-layout-flow wp-block-column-is-layout-flow\" style=\"flex-basis:50%\"><h3 class=\"wp-block-post-title\"><a href=\"https:\/\/www.audiovisualcontainer.com\/video\/descubre-la-sony-alpha-6400-la-camara-aps-c-perfecta\/\" target=\"_blank\" >Descubre la Sony Alpha 6400, La C\u00e1mara APS-C Perfecta<\/a><\/h3>\n\n<div class=\"wp-block-post-excerpt\"><p class=\"wp-block-post-excerpt__excerpt\">Descubre la Sony Alpha 6400, la c\u00e1mara APS-C perfecta con enfoque ultrarr\u00e1pido y grabaci\u00f3n 4K. \u00a1No te pierdas esta joya de la fotograf\u00eda y videograf\u00eda! \u00a1Compra ahora! <\/p><\/div><\/div>\n<\/div>\n\n<\/li><\/ul><\/div>\n\n\n\n<h2 class=\"wp-block-heading\" id=\"preguntas-frecuentes-sobre-un-objetivo-sony-16-50-mm-f-3-5-5-6\">Preguntas frecuentes sobre un Objetivo Sony 16-50mm f\/3.5-5.6<\/h2>\n\n\n<div id=\"rank-math-faq\" class=\"rank-math-block\">\n<div class=\"rank-math-list \">\n<div id=\"faq-question-1695118662902\" class=\"rank-math-list-item\">\n<h3 class=\"rank-math-question \"><strong><strong><strong>\u00bfQu\u00e9 hace que el objetivo Sony 16-50mm f\/3.5-5.6 sea adecuado para la fotograf\u00eda creativa?<\/strong><\/strong><\/strong><\/h3>\n<div class=\"rank-math-answer \">\n\n<p>Su vers\u00e1til rango de distancia focal, apertura variable y estabilizaci\u00f3n \u00f3ptica de imagen permiten una amplia variedad de estilos de fotograf\u00eda creativa.<\/p>\n\n<\/div>\n<\/div>\n<div id=\"faq-question-1695118676389\" class=\"rank-math-list-item\">\n<h3 class=\"rank-math-question \"><strong><strong><strong>\u00bfQu\u00e9 c\u00e1maras de Sony son compatibles con este objetivo?<\/strong><\/strong><\/strong><\/h3>\n<div class=\"rank-math-answer \">\n\n<p>El objetivo Sony 16-50mm f\/3.5-5.6 es compatible con c\u00e1maras Alpha de Sony con montura E, lo que incluye una amplia gama de modelos APS-C.<\/p>\n\n<\/div>\n<\/div>\n<div id=\"faq-question-1695118686938\" class=\"rank-math-list-item\">\n<h3 class=\"rank-math-question \"><strong><strong><strong>\u00bfCu\u00e1les son las ventajas de la estabilizaci\u00f3n \u00f3ptica de imagen en este objetivo?<\/strong><\/strong><\/strong><\/h3>\n<div class=\"rank-math-answer \">\n\n<p>La estabilizaci\u00f3n \u00f3ptica de imagen (OSS) ayuda a reducir la vibraci\u00f3n y el desenfoque, lo que resulta en im\u00e1genes m\u00e1s n\u00edtidas, especialmente en condiciones de poca luz.<\/p>\n\n<\/div>\n<\/div>\n<div id=\"faq-question-1695118703903\" class=\"rank-math-list-item\">\n<h3 class=\"rank-math-question \"><strong><strong><strong>\u00bfEs adecuado este objetivo para la fotograf\u00eda de retratos?<\/strong><\/strong><\/strong><\/h3>\n<div class=\"rank-math-answer \">\n\n<p>S\u00ed, el rango de distancia focal de 16-50mm es ideal para la fotograf\u00eda de retratos, permiti\u00e9ndote capturar retratos con un agradable desenfoque de fondo.<\/p>\n\n<\/div>\n<\/div>\n<div id=\"faq-question-1695118717763\" class=\"rank-math-list-item\">\n<h3 class=\"rank-math-question \"><strong><strong><strong>\u00bfD\u00f3nde puedo encontrar m\u00e1s opiniones de fot\u00f3grafos sobre este objetivo?<\/strong><\/strong><\/strong><\/h3>\n<div class=\"rank-math-answer \">\n\n<p>Puedes encontrar opiniones de fot\u00f3grafos en l\u00ednea en sitios web de fotograf\u00eda y foros especializados en equipo fotogr\u00e1fico.<\/p>\n\n<\/div>\n<\/div>\n<\/div>\n<\/div>\n\n\n<h2 class=\"wp-block-heading\" id=\"\ud83c\udf10-fuentes\">\ud83c\udf10 Fuentes<\/h2>\n\n\n\n<ol>\n<li><a href=\"https:\/\/www.foto24.com\/objetivo-sony-sel-p-16-50mm-f-3-5-5-6-montura-e.html\" target=\"_blank\" rel=\"noreferrer noopener nofollow\">Foto24 &#8211; Objetivo Sony SEL-P 16-50mm f\/3.5-5.6 Montura E<\/a><\/li>\n\n\n\n<li><a href=\"https:\/\/www.sony.es\/electronics\/camaras-objetivos\/selp1650\" target=\"_blank\" rel=\"noreferrer noopener nofollow\">Sony Espa\u00f1a &#8211; E PZ 16-50 mm F3,5-5,6 OSS | SELP1650<\/a><\/li>\n\n\n\n<li><a href=\"https:\/\/www.mimadeo.com\/2015\/11\/analisis-del-objetivo-sony-e-16-50mm.html\" target=\"_blank\" rel=\"noreferrer noopener nofollow\">Mimadeo &#8211; An\u00e1lisis del objetivo Sony E 16-50mm f\/3.5-5.6 OSS PZ<\/a><\/li>\n\n\n\n<li><a href=\"https:\/\/tecnoimportaciones.com\/lentes\/sony-16-50mm\/\" target=\"_blank\" rel=\"noreferrer noopener nofollow\">Tecnoimportaciones &#8211; Lente Sony 16-50mm<\/a><\/li>\n<\/ol>\n","protected":false},"excerpt":{"rendered":"<p>Descubre la versatilidad del objetivo Sony 16-50mm f\/3.5-5.6 en la fotograf\u00eda Sony APS-C. Rango focal, apertura, y m\u00e1s. Opiniones de fot\u00f3grafos y compatibilidad con c\u00e1maras Alpha de Sony.<\/p>\n","protected":false},"author":1,"featured_media":4655,"comment_status":"open","ping_status":"closed","sticky":false,"template":"","format":"standard","meta":{"footnotes":""},"categories":[12767],"tags":[],"_links":{"self":[{"href":"https:\/\/www.audiovisualcontainer.com\/ke-apps-a\/wp\/v2\/posts\/11269"}],"collection":[{"href":"https:\/\/www.audiovisualcontainer.com\/ke-apps-a\/wp\/v2\/posts"}],"about":[{"href":"https:\/\/www.audiovisualcontainer.com\/ke-apps-a\/wp\/v2\/types\/post"}],"author":[{"embeddable":true,"href":"https:\/\/www.audiovisualcontainer.com\/ke-apps-a\/wp\/v2\/users\/1"}],"replies":[{"embeddable":true,"href":"https:\/\/www.audiovisualcontainer.com\/ke-apps-a\/wp\/v2\/comments?post=11269"}],"version-history":[{"count":0,"href":"https:\/\/www.audiovisualcontainer.com\/ke-apps-a\/wp\/v2\/posts\/11269\/revisions"}],"wp:featuredmedia":[{"embeddable":true,"href":"https:\/\/www.audiovisualcontainer.com\/ke-apps-a\/wp\/v2\/media\/4655"}],"wp:attachment":[{"href":"https:\/\/www.audiovisualcontainer.com\/ke-apps-a\/wp\/v2\/media?parent=11269"}],"wp:term":[{"taxonomy":"category","embeddable":true,"href":"https:\/\/www.audiovisualcontainer.com\/ke-apps-a\/wp\/v2\/categories?post=11269"},{"taxonomy":"post_tag","embeddable":true,"href":"https:\/\/www.audiovisualcontainer.com\/ke-apps-a\/wp\/v2\/tags?post=11269"}],"curies":[{"name":"wp","href":"https:\/\/api.w.org\/{rel}","templated":true}]}}